[{"@context":"https:\/\/schema.org\/","@type":"Article","@id":"https:\/\/www.gmk.sk\/mate-radi-rodinne-navstevy\/#Article","mainEntityOfPage":"https:\/\/www.gmk.sk\/mate-radi-rodinne-navstevy\/","headline":"M\u00e1te radi rodinn\u00e9 n\u00e1v\u0161tevy?","name":"M\u00e1te radi rodinn\u00e9 n\u00e1v\u0161tevy?","description":"N\u00e1v\u0161tevy a stret\u00e1vania s\u00fa pre socializ\u00e1ciu n\u00e1s, \u013eud\u00ed, ve\u013emi d\u00f4le\u017eit\u00e9. Av\u0161ak napriek tomu nie v\u0161etci \u013eudia s\u00fa rovnako nad\u0161en\u00ed, ke\u010f sa jedn\u00e1 o nav\u0161tevovanie sa. Je to sp\u00f4soben\u00e9 viacer\u00fdmi okolnos\u0165ami. Niektor\u00ed \u013eudia s\u00fa skr\u00e1tka menej spolo\u010densk\u00ed. Ale niektor\u00ed maj\u00fa boles\u0165 hlavy, ke\u010f ich m\u00e1 pr\u00eds\u0165 n\u00e1v\u0161teva. Pre\u010do? Z jednoduch\u00e9ho d\u00f4vodu, preto\u017ee sa hanbia za svoj [&hellip;]","datePublished":"2018-11-10","dateModified":"2023-04-27","author":{"@type":"Person","@id":"https:\/\/www.gmk.sk\/author\/#Person","name":"","url":"https:\/\/www.gmk.sk\/author\/","identifier":1,"image":{"@type":"ImageObject","@id":"https:\/\/secure.gravatar.com\/avatar\/afe3e9c307ddf0b756c397ad75c6ecdba1f9da628b10651fe33a13bba6407ccd?s=96&d=mm&r=g","url":"https:\/\/secure.gravatar.com\/avatar\/afe3e9c307ddf0b756c397ad75c6ecdba1f9da628b10651fe33a13bba6407ccd?s=96&d=mm&r=g","height":96,"width":96}},"publisher":{"@type":"Organization","name":"gmk.sk","logo":{"@type":"ImageObject","@id":"\/logo.png","url":"\/logo.png","width":600,"height":60}},"image":{"@type":"ImageObject","@id":"https:\/\/www.gmk.sk\/wp-content\/uploads\/img_a295460_w16654_t1547133493.jpg","url":"https:\/\/www.gmk.sk\/wp-content\/uploads\/img_a295460_w16654_t1547133493.jpg","height":0,"width":0},"url":"https:\/\/www.gmk.sk\/mate-radi-rodinne-navstevy\/","about":["Domov"],"wordCount":470,"articleBody":"N\u00e1v\u0161tevy a stret\u00e1vania s\u00fa pre socializ\u00e1ciu n\u00e1s, \u013eud\u00ed, ve\u013emi d\u00f4le\u017eit\u00e9. Av\u0161ak napriek tomu nie v\u0161etci \u013eudia s\u00fa rovnako nad\u0161en\u00ed, ke\u010f sa jedn\u00e1 o nav\u0161tevovanie sa. Je to sp\u00f4soben\u00e9 viacer\u00fdmi okolnos\u0165ami. Niektor\u00ed \u013eudia s\u00fa skr\u00e1tka menej spolo\u010densk\u00ed. Ale niektor\u00ed maj\u00fa boles\u0165 hlavy, ke\u010f ich m\u00e1 pr\u00eds\u0165 n\u00e1v\u0161teva. Pre\u010do? Z jednoduch\u00e9ho d\u00f4vodu, preto\u017ee sa hanbia za svoj dom a dom\u00e1cnos\u0165.\tPoriadok nielen kv\u00f4li sebePre\u010do sa v\u0161ak \u013eudia musia hanbi\u0165, ke\u010f k nim m\u00e1 pr\u00eds\u0165 priate\u013e na n\u00e1v\u0161tevu? Naj\u010dastej\u0161ou pr\u00ed\u010dinou s\u00fa oh\u013eady kv\u00f4li poriadku. A strach z toho, \u017ee n\u00e1v\u0161tevn\u00edk n\u00e1s bude posudzova\u0165 pod\u013ea stavu na\u0161ej dom\u00e1cnosti. Nu\u017e \u00e1no, aj to sa st\u00e1va. Av\u0161ak bola by \u0161koda, keby sme kv\u00f4li tomuto d\u00f4vodu preru\u0161ili na\u0161e kontakty a zn\u00e1mosti. Sk\u00fasme teda urobi\u0165 v\u0161etko preto, aby sme tento strach a komplexy z n\u00e1v\u0161tevy odstr\u00e1nili.Pokia\u013e m\u00e1me vo svojej dom\u00e1cnosti naozaj objekt\u00edvny neporiadok, sk\u00fasme zapracova\u0165 na sebe a na svojej lenivosti. Ve\u010f nik od n\u00e1s nechce, aby sme ka\u017ed\u00fd de\u0148 um\u00fdvali okn\u00e1 a vytierali prach aj z t\u00fdch najvzdialenej\u0161\u00edch k\u00fatov. Ide len o to, aby sme udr\u017eovali z\u00e1kladn\u00fd poriadok a mali vo svojej dom\u00e1cnosti svoj syst\u00e9m kam, kedy a ako odklad\u00e1me svoje veci. Preto\u017ee neporiadok sa nerob\u00ed s\u00e1m od seba, rob\u00edme si ho sami. Tak\u017ee princ\u00edp je jednoduch\u00fd. Sta\u010d\u00ed nerobi\u0165 neporiadok.\tAv\u0161ak niektor\u00ed \u013eudia maj\u00fa in\u00fd probl\u00e9mVo svojej dom\u00e1cnosti maj\u00fa skuto\u010dn\u00fd poriadok, ale napriek tomu sa st\u00e1le hanbia a boja svojich n\u00e1v\u0161tev. St\u00e1le maj\u00fa pocit, \u017ee to v dome a vo svojom byte nemaj\u00fa dostato\u010dne vhodn\u00e9.Toto je u\u017e in\u00fd probl\u00e9m, nie je to nedostatok v poriadku, ale ide o komplex. \u010castokr\u00e1t s\u00fa t\u00edto \u013eudia workoholici, ktor\u00ed upracuj\u00fa v\u017edy, v\u0161ade a v\u0161etko. A st\u00e1le maj\u00fa pocit, \u017ee je niekde neporiadok. V\u017edy n\u00e1jdu aj t\u00fa najmen\u0161iu pavu\u010dinku, aj to najnen\u00e1padnej\u0161ie zrnko prachu v tom najtmav\u0161om k\u00fate. A myslia si, \u017ee \u013eudia len preto pr\u00eddu na n\u00e1v\u0161tevu, aby prezreli v\u0161etky k\u00faty, \u010di niekde n\u00e1hodou nie je k\u00fasok prachu, aby sa mohli vysmieva\u0165.Ak patr\u00edte medzi t\u00fato kateg\u00f3riu \u013eud\u00ed, sk\u00faste na sebe zapracova\u0165. Je to d\u00f4le\u017eit\u00e9, preto\u017ee t\u00fdm t\u00fdrate nielen seba, ale aj svoje okolie a svoju dom\u00e1cnos\u0165. A zbyto\u010dne str\u00e1cate svojich priate\u013eov a svoje vz\u0165ahy.                                                                                                                                                                                                                                                                                                                                                                                        4.2\/5 - (6 votes)        "},{"@context":"https:\/\/schema.org\/","@type":"BreadcrumbList","itemListElement":[{"@type":"ListItem","position":1,"name":"M\u00e1te radi rodinn\u00e9 n\u00e1v\u0161tevy?","item":"https:\/\/www.gmk.sk\/mate-radi-rodinne-navstevy\/#breadcrumbitem"}]}]